[{"@context":"https:\/\/schema.org\/","@type":"Article","@id":"https:\/\/www.felinka.cz\/krasna-i-s-detmi\/#Article","mainEntityOfPage":"https:\/\/www.felinka.cz\/krasna-i-s-detmi\/","headline":"Kr\u00e1sn\u00e1 i s d\u011btmi","name":"Kr\u00e1sn\u00e1 i s d\u011btmi","description":"M&Atilde;&iexcl;te d&Auml;&#8250;ti a mysl&Atilde;&shy;te si, &Aring;&frac34;e nejste kr&Atilde;&iexcl;sn&Atilde;&iexcl;? Kr&Atilde;&iexcl;sn&Atilde;&iexcl; je p&Aring;&#8482;ece ka&Aring;&frac34;d&Atilde;&iexcl; &Aring;&frac34;ena. Ale d&Aring;&macr;le&Aring;&frac34;it&Atilde;&copy; je, kdy&Aring;&frac34; m&Atilde;&iexcl;te d&Auml;&#8250;ti, tak je pot&Aring;&#8482;eba ze sebe ud&Auml;&#8250;lat po&Aring;&#8482;&Atilde;&iexcl;dnou princeznu, proto&Aring;&frac34;e kdy&Aring;&frac34; p&Aring;&macr;jdete&#46;&#46;&#46;","datePublished":"2023-09-28","dateModified":"2024-03-28","author":{"@type":"Person","@id":"https:\/\/www.felinka.cz\/author\/#Person","name":"","url":"https:\/\/www.felinka.cz\/author\/","identifier":1,"image":{"@type":"ImageObject","@id":"https:\/\/secure.gravatar.com\/avatar\/d6cba3ab97c30e0df0e32548954cb6b1550f4672bd3a4687bf1118b122d757e8?s=96&d=mm&r=g","url":"https:\/\/secure.gravatar.com\/avatar\/d6cba3ab97c30e0df0e32548954cb6b1550f4672bd3a4687bf1118b122d757e8?s=96&d=mm&r=g","height":96,"width":96}},"publisher":{"@type":"Organization","name":"felinka.cz","logo":{"@type":"ImageObject","@id":"\/logo.png","url":"\/logo.png","width":600,"height":60}},"image":{"@type":"ImageObject","@id":"https:\/\/www.felinka.cz\/wp-content\/uploads\/woman-1869158_1280_4.jpg","url":"https:\/\/www.felinka.cz\/wp-content\/uploads\/woman-1869158_1280_4.jpg","height":0,"width":0},"url":"https:\/\/www.felinka.cz\/krasna-i-s-detmi\/","about":["Kr\u00e1sa"],"wordCount":816,"articleBody":"M&Atilde;&iexcl;te d&Auml;&#8250;ti a mysl&Atilde;&shy;te si, &Aring;&frac34;e nejste kr&Atilde;&iexcl;sn&Atilde;&iexcl;? Kr&Atilde;&iexcl;sn&Atilde;&iexcl; je p&Aring;&#8482;ece ka&Aring;&frac34;d&Atilde;&iexcl; &Aring;&frac34;ena. Ale d&Aring;&macr;le&Aring;&frac34;it&Atilde;&copy; je, kdy&Aring;&frac34; m&Atilde;&iexcl;te d&Auml;&#8250;ti, tak je pot&Aring;&#8482;eba ze sebe ud&Auml;&#8250;lat po&Aring;&#8482;&Atilde;&iexcl;dnou princeznu, proto&Aring;&frac34;e kdy&Aring;&frac34; p&Aring;&macr;jdete ven s ko&Auml;&Atilde;&iexcl;rkem, tak je pot&Aring;&#8482;eba ud&Auml;&#8250;lat a zahr&Atilde;&iexcl;t to, &Aring;&frac34;e nejste tak utahan&Atilde;&iexcl;, proto&Aring;&frac34;e kdy&Aring;&frac34; se namalujete, tak budete vypadat &Atilde;&ordm;pln&Auml;&#8250; jinak, ne&Aring;&frac34; kdy&Aring;&frac34; vyjdete ven jako stra&Aring;&iexcl;idlo. Samoz&Aring;&#8482;ejm&Auml;&#8250; ka&Aring;&frac34;d&Atilde;&frac12; v&Atilde;&shy;, kdy&Aring;&frac34; m&Atilde;&iexcl;te d&Auml;&#8250;ti &Aring;&frac34;e budete ur&Auml;it&Auml;&#8250; unaven&Atilde;&iexcl;, proto&Aring;&frac34;e starat se o d&Auml;&#8250;ti je opravdu velice n&Atilde;&iexcl;ro&Auml;n&Atilde;&copy;.&Acirc;&nbsp;A hlavn&Auml;&#8250; kdy&Aring;&frac34; jsou d&Auml;&#8250;ti je&Aring;&iexcl;t&Auml;&#8250; mal&Atilde;&copy;. D&Aring;&macr;le&Aring;&frac34;it&Atilde;&copy; je prost&Auml;&#8250; pot&Aring;&#8482;eba db&Atilde;&iexcl;t i o sebe, tak&Aring;&frac34;e ka&Aring;&frac34;d&Atilde;&copy; r&Atilde;&iexcl;no se prost&Auml;&#8250; po&Aring;&#8482;&Atilde;&iexcl;dn&Auml;&#8250; vykoupat, naj&Atilde;&shy;t si tu chvilku pro sebe a po&Aring;&#8482;&Atilde;&iexcl;dn&Auml;&#8250; si um&Atilde;&frac12;t i vlasy, kr&Atilde;&iexcl;sn&Auml;&#8250; se namalovat a m&Aring;&macr;&Aring;&frac34;ete vyrazit do ulic Uvid&Atilde;&shy;te &Aring;&frac34;e v&Aring;&iexcl;ichni v&Atilde;&iexcl;m to budou z&Atilde;&iexcl;vid&Auml;&#8250;t, proto&Aring;&frac34;e takhle budete tou dokonalou m&Atilde;&iexcl;mou. Ka&Aring;&frac34;d&Atilde;&iexcl; m&Atilde;&iexcl;ma chce b&Atilde;&frac12;t kr&Atilde;&iexcl;sn&Atilde;&iexcl; a nejenom pro lidi ale samoz&Aring;&#8482;ejm&Auml;&#8250; d&Aring;&macr;le&Aring;&frac34;it&Atilde;&copy; je, aby jste byla kr&Atilde;&iexcl;sn&Atilde;&iexcl; pro sebe.&Acirc;&nbsp;&Acirc;&nbsp;Kdy&Aring;&frac34; se uprav&Atilde;&shy;te, tak se budete c&Atilde;&shy;tit i mnohem l&Atilde;&copy;pe a bude v&Atilde;&iexcl;s to v&Aring;&iexcl;echno kolem mnohem v&Atilde;&shy;c bavit. Uvid&Atilde;&shy;te &Aring;&frac34;e ze sebe budete m&Atilde;&shy;t mnohem v&Auml;&#8250;t&Aring;&iexcl;&Atilde;&shy; radost. Kdy&Aring;&frac34; t&Aring;&#8482;eba vstanete a je&Aring;&iexcl;t&Auml;&#8250; nejste tak upraven&Atilde;&iexcl; a dokonal&Atilde;&iexcl;, tak je pot&Aring;&#8482;eba o sebe db&Atilde;&iexcl;t a uvid&Atilde;&shy;te &Aring;&frac34;e se v&Atilde;&iexcl;m bude v&Atilde;&shy;c da&Aring;&#8482;it a budete se jako m&Atilde;&iexcl;ma c&Atilde;&shy;tit dvojn&Atilde;&iexcl;sobn&Auml;&#8250; l&Atilde;&copy;pe. Popravd&Auml;&#8250; j&Atilde;&iexcl; m&Atilde;&iexcl;mou jsem a v&Aring;&frac34;dycky je rozhodn&Auml;&#8250; lep&Aring;&iexcl;&Atilde;&shy; kdy&Aring;&frac34; se ka&Aring;&frac34;d&Atilde;&iexcl; &Aring;&frac34;ena, m&Atilde;&iexcl;ma, prost&Auml;&#8250; uprav&Atilde;&shy;, proto&Aring;&frac34;e to vypad&Atilde;&iexcl; mnohem l&Atilde;&copy;pe a budete se c&Atilde;&shy;tit o mnohem l&Atilde;&copy;pe. J&Atilde;&iexcl; ze zku&Aring;&iexcl;enost&Atilde;&shy; v&Atilde;&shy;m, &Aring;&frac34;e kdy&Aring;&frac34; r&Atilde;&iexcl;no vstanu, uprav&Atilde;&shy;m se, nachyst&Atilde;&iexcl;m sebe i d&Atilde;&shy;t&Auml;&#8250; a pak jdeme na proch&Atilde;&iexcl;zku, tak je to mnohem lep&Aring;&iexcl;&Atilde;&shy;, ne&Aring;&frac34; kdy&Aring;&frac34; jdete neupraven&Atilde;&iexcl; a pak se &Auml;lov&Auml;&#8250;k nec&Atilde;&shy;t&Atilde;&shy; tak jak by m&Auml;&#8250;l. Ch&Atilde;&iexcl;pu &Aring;&frac34;e n&Auml;&#8250;kter&Atilde;&copy; maminky v&Aring;&macr;bec nest&Atilde;&shy;haj&Atilde;&shy;, ale v&Aring;&frac34;dycky je pot&Aring;&#8482;eba si opravdu naj&Atilde;&shy;t chvilku &Auml;as a upravit se, proto&Aring;&frac34;e pro &Aring;&frac34;enu je to to nejdokonalej&Aring;&iexcl;&Atilde;&shy; co pro sebe m&Aring;&macr;&Aring;&frac34;ete ud&Auml;&#8250;lat. Tak&Aring;&frac34;e rad&Atilde;&shy;m, rozhodn&Auml;&#8250; v&Aring;&frac34;dycky naj&Atilde;&shy;t chvilku a opravdu se hodit po&Aring;&#8482;&Atilde;&iexcl;dn&Auml;&#8250; do gala. Hned pozn&Atilde;&iexcl;te ten pocit sebejistoty a &Aring;&iexcl;t&Auml;&#8250;st&Atilde;&shy;.                                                                                                                                                                                                                                                                                                                                                                                        4.8\/5 - (5 votes)        "},{"@context":"https:\/\/schema.org\/","@type":"BreadcrumbList","itemListElement":[{"@type":"ListItem","position":1,"name":"Kr\u00e1sn\u00e1 i s d\u011btmi","item":"https:\/\/www.felinka.cz\/krasna-i-s-detmi\/#breadcrumbitem"}]}]