[{"@context":"https:\/\/schema.org\/","@type":"Article","@id":"https:\/\/www.felinka.cz\/podivejte-se-na-nase-svatebni-oznameni\/#Article","mainEntityOfPage":"https:\/\/www.felinka.cz\/podivejte-se-na-nase-svatebni-oznameni\/","headline":"Pod\u00edvejte se na na\u0161e svatebn\u00ed ozn\u00e1men\u00ed","name":"Pod\u00edvejte se na na\u0161e svatebn\u00ed ozn\u00e1men\u00ed","description":"M\u00e1te u\u017e hodn\u011b napilno s\u00a0r\u016fzn\u00fdmi p\u0159\u00edpravami ohledn\u011b t\u00e9to \u017eivotn\u011b d\u016fle\u017eit\u00e9 ud\u00e1lost, kdy se sv\u00fdm partnerem \u010di partnerkou vstoup\u00edte do stavu man\u017eelsk\u00e9ho? Nem\u00e1te \u010das na to vym\u00fd\u0161let, jak by m\u011bla vypadat&#46;&#46;&#46;","datePublished":"2023-12-21","dateModified":"2023-12-21","author":{"@type":"Person","@id":"https:\/\/www.felinka.cz\/author\/#Person","name":"","url":"https:\/\/www.felinka.cz\/author\/","identifier":1,"image":{"@type":"ImageObject","@id":"https:\/\/secure.gravatar.com\/avatar\/d6cba3ab97c30e0df0e32548954cb6b1550f4672bd3a4687bf1118b122d757e8?s=96&d=mm&r=g","url":"https:\/\/secure.gravatar.com\/avatar\/d6cba3ab97c30e0df0e32548954cb6b1550f4672bd3a4687bf1118b122d757e8?s=96&d=mm&r=g","height":96,"width":96}},"publisher":{"@type":"Organization","name":"felinka.cz","logo":{"@type":"ImageObject","@id":"\/logo.png","url":"\/logo.png","width":600,"height":60}},"url":"https:\/\/www.felinka.cz\/podivejte-se-na-nase-svatebni-oznameni\/","wordCount":198,"articleBody":"M\u00e1te u\u017e hodn\u011b napilno s\u00a0r\u016fzn\u00fdmi p\u0159\u00edpravami ohledn\u011b t\u00e9to \u017eivotn\u011b d\u016fle\u017eit\u00e9 ud\u00e1lost, kdy se sv\u00fdm partnerem \u010di partnerkou vstoup\u00edte do stavu man\u017eelsk\u00e9ho? Nem\u00e1te \u010das na to vym\u00fd\u0161let, jak by m\u011bla vypadat pozv\u00e1nka, kterou ode\u0161lete v\u0161em sv\u00fdm host\u016fm? Potom V\u00e1s ur\u010dit\u011b pot\u011b\u0161\u00ed, \u017ee na na\u0161ich str\u00e1nk\u00e1ch naleznete obrovsk\u00fd v\u00fdb\u011br na\u0161ich n\u00e1vrh\u016f, ze kter\u00e9ho si jist\u011b vybere ten spr\u00e1vn\u00fd i ten nejn\u00e1ro\u010dn\u011bj\u0161\u00ed z\u00e1kazn\u00edk, proto nev\u00e1hejte, a pokud se V\u00e1m n\u011bjak\u00e1 pozv\u00e1nka zal\u00edb\u00ed, ur\u010dit\u011b si ji objednejte a v\u00a0p\u0159\u00edpad\u011b dotazu n\u00e1s kdykoliv kontaktujte.\tNa cokoliv se n\u00e1s zeptejtePokud jste si u n\u00e1s vyhl\u00eddli n\u011bjak\u00e9 svatebn\u00ed ozn\u00e1men\u00ed a cht\u011bli byste se n\u00e1s na cokoliv zeptat nap\u0159\u00edklad ohledn\u011b n\u011bjak\u00e9ho ur\u010dit\u00e9ho n\u00e1vrhu \u010di na na\u0161i spole\u010dnost obecn\u011b, potom nevid\u00edme jedin\u00fd probl\u00e9m v\u00a0tom, kdy\u017e n\u00e1s prost\u0159ednictv\u00edm telefonu \u010di e-mailu kontaktujete a na cokoliv se zept\u00e1te.                                                                                                                                                                                                                                                                                                                                                                                        4\/5 - (6 votes)        "},{"@context":"https:\/\/schema.org\/","@type":"BreadcrumbList","itemListElement":[{"@type":"ListItem","position":1,"name":"Pod\u00edvejte se na na\u0161e svatebn\u00ed ozn\u00e1men\u00ed","item":"https:\/\/www.felinka.cz\/podivejte-se-na-nase-svatebni-oznameni\/#breadcrumbitem"}]}]