[{"@context":"https:\/\/schema.org\/","@type":"Article","@id":"https:\/\/www.felinka.cz\/prima-tasky-s-potiskem\/#Article","mainEntityOfPage":"https:\/\/www.felinka.cz\/prima-tasky-s-potiskem\/","headline":"Prima ta\u0161ky s potiskem","name":"Prima ta\u0161ky s potiskem","description":"S partnerem u\u017e dlouho uva\u017eujeme, \u017ee si zalo\u017e\u00edme n\u011bjakou firmu. Proto\u017ee s partnerem m\u00e1me vystudovan\u00fd oba dva ekonomick\u00e9 \u0161koly a \u0159ekli jsme si, \u017ee by vlastn\u011b nebylo na \u0161kodu, \u017ee&#46;&#46;&#46;","datePublished":"2025-12-17","dateModified":"2025-12-17","author":{"@type":"Person","@id":"https:\/\/www.felinka.cz\/author\/#Person","name":"","url":"https:\/\/www.felinka.cz\/author\/","identifier":1,"image":{"@type":"ImageObject","@id":"https:\/\/secure.gravatar.com\/avatar\/d6cba3ab97c30e0df0e32548954cb6b1550f4672bd3a4687bf1118b122d757e8?s=96&d=mm&r=g","url":"https:\/\/secure.gravatar.com\/avatar\/d6cba3ab97c30e0df0e32548954cb6b1550f4672bd3a4687bf1118b122d757e8?s=96&d=mm&r=g","height":96,"width":96}},"publisher":{"@type":"Organization","name":"felinka.cz","logo":{"@type":"ImageObject","@id":"\/logo.png","url":"\/logo.png","width":600,"height":60}},"image":{"@type":"ImageObject","@id":"https:\/\/www.felinka.cz\/wp-content\/uploads\/bag-1052370_640_3.jpg","url":"https:\/\/www.felinka.cz\/wp-content\/uploads\/bag-1052370_640_3.jpg","height":0,"width":0},"url":"https:\/\/www.felinka.cz\/prima-tasky-s-potiskem\/","about":["N\u00e1kupy"],"wordCount":375,"articleBody":"      S partnerem u\u017e dlouho uva\u017eujeme, \u017ee si zalo\u017e\u00edme n\u011bjakou firmu. Proto\u017ee s partnerem m\u00e1me vystudovan\u00fd oba dva ekonomick\u00e9 \u0161koly a \u0159ekli jsme si, \u017ee by vlastn\u011b nebylo na \u0161kodu, \u017ee kdy\u017e n\u00e1s to bav\u00ed, \u017ee bychom mohli prod\u00e1vat v\u00fdrobky pro zv\u00ed\u0159ata. Zv\u00ed\u0159ata s partnerem milujeme a \u0159ekli jsme si, \u017ee bychom si mohli ud\u011blat n\u011bjakou firmu, kde budeme prod\u00e1vat r\u016fzn\u00e9 v\u011bci a p\u0159\u00edpravky nebo i krmivo pro zv\u00ed\u0159ata. Logicky potom taky budeme pot\u0159ebovat n\u011bjak\u00e9 reklamn\u00ed p\u0159edm\u011bty a tak\u00e9 hlavn\u011b kvalitn\u00ed reklamn\u00ed marketing. A \u0159eknu v\u00e1m, \u017ee to nen\u00ed \u00fapln\u011b jednoduch\u00e9. My sice na to m\u00e1me \u0161kolu, ale \u0159ekli jsme si, \u017ee by bylo nejlep\u0161\u00ed, kdybychom si na to pronajali n\u011bjakou reklamn\u00ed agenturu.Reklamn\u00ed firmu, kter\u00e1 s t\u00edm m\u00e1 opravdu velik\u00e9 a dobr\u00e9 zku\u0161enosti. Tak\u00e9 bychom cht\u011bli n\u011bjakou firmu, kter\u00e1 u\u017e m\u00e1 n\u011bkolik let za sebou a je opravdu hodn\u011b kvalitn\u00ed a m\u00e1 skv\u011bl\u00e9 a hlavn\u011b pozitivn\u00ed recenze. Nejlep\u0161\u00ed tak\u00e9 jsou reklamn\u00ed p\u0159edm\u011bty a my bychom pr\u00e1v\u011b s partnerem cht\u011bli m\u00edt kvalitn\u00ed reklamn\u00ed p\u0159edm\u011bty, jako jsou k\u0161iltovky nebo i rukavice. Nebo klidn\u011b t\u0159eba i ps\u00ed obojky. Tohle z\u00e1le\u017e\u00ed samoz\u0159ejm\u011b u\u017e na ka\u017ed\u00e9 firm\u011b nebo na ka\u017ed\u00e9m majiteli. Jak\u00e9 reklamn\u00ed p\u0159edm\u011bty pro n\u011b budou opravdu nejlep\u0161\u00ed a kter\u00e9 se mu vyplat\u00ed?Tak\u00e9 bych hlavn\u011b zm\u00ednila, \u017ee pokud se\u017eenete kvalitn\u00ed reklamn\u00ed firmu, kdy nap\u0159\u00edklad budete m\u00edt reklamn\u00ed p\u0159edm\u011bty, jako jsou obojky, tak hlavn\u011b, aby to bylo kvalitn\u00ed. Pokud by to m\u011bly b\u00fdt ps\u00ed obojky, tak bych rozhodn\u011b doporu\u010dovala, aby to byly ko\u017een\u00e9 obojky, kter\u00e9 vydr\u017e\u00ed. Pokud by tyto reklamn\u00ed p\u0159edm\u011bty, jako je reklamn\u00ed textil, m\u011blo b\u00fdt nap\u0159\u00edklad tri\u010dko nebo ko\u0161ile, tak hlavn\u011b, aby to byla kvalitn\u00ed bavlna, aby to nikoho nikde ne\u0161kr\u00e1balo. Reklamn\u00ed ta\u0161ky Promotextile jsou velmi obl\u00edben\u00e9 a hlavn\u011b tak\u00e9 praktick\u00e9. J\u00e1 m\u00e1m doma tak\u00e9 n\u011bkolik reklamn\u00edch ta\u0161ek a mus\u00edm \u0159\u00edct, \u017ee jsem velmi spokojen\u00e1. Jak kvalita, tak i n\u00e1pad na reklamu.                                                                                                                                                                                                                                                                                                                                                                                           3\/5 - (1 vote)        "},{"@context":"https:\/\/schema.org\/","@type":"BreadcrumbList","itemListElement":[{"@type":"ListItem","position":1,"name":"Prima ta\u0161ky s potiskem","item":"https:\/\/www.felinka.cz\/prima-tasky-s-potiskem\/#breadcrumbitem"}]}]