[{"@context":"https:\/\/schema.org\/","@type":"Article","@id":"https:\/\/www.felinka.cz\/skvely-material\/#Article","mainEntityOfPage":"https:\/\/www.felinka.cz\/skvely-material\/","headline":"Skv\u011bl\u00fd materi\u00e1l","name":"Skv\u011bl\u00fd materi\u00e1l","description":"Pokud tak\u00e9 m\u00e1te n\u011bjakou firmu a chcete, aby va\u0161e firma \u0161la vid\u011bt, tak p\u0159edpokl\u00e1d\u00e1m, \u017ee budete m\u00edt asi n\u011bjak\u00e9 reklamn\u00ed materi\u00e1ly, jako je nap\u0159\u00edklad reklamn\u00ed textil a podobn\u011b. Jako reklamn\u00ed&#46;&#46;&#46;","datePublished":"2025-06-16","dateModified":"2025-06-16","author":{"@type":"Person","@id":"https:\/\/www.felinka.cz\/author\/#Person","name":"","url":"https:\/\/www.felinka.cz\/author\/","identifier":1,"image":{"@type":"ImageObject","@id":"https:\/\/secure.gravatar.com\/avatar\/d6cba3ab97c30e0df0e32548954cb6b1550f4672bd3a4687bf1118b122d757e8?s=96&d=mm&r=g","url":"https:\/\/secure.gravatar.com\/avatar\/d6cba3ab97c30e0df0e32548954cb6b1550f4672bd3a4687bf1118b122d757e8?s=96&d=mm&r=g","height":96,"width":96}},"publisher":{"@type":"Organization","name":"felinka.cz","logo":{"@type":"ImageObject","@id":"\/logo.png","url":"\/logo.png","width":600,"height":60}},"image":{"@type":"ImageObject","@id":"https:\/\/www.felinka.cz\/wp-content\/uploads\/carpet-571538_640_2.jpg","url":"https:\/\/www.felinka.cz\/wp-content\/uploads\/carpet-571538_640_2.jpg","height":0,"width":0},"url":"https:\/\/www.felinka.cz\/skvely-material\/","about":["N\u00e1kupy"],"wordCount":402,"articleBody":"        Pokud tak\u00e9 m\u00e1te n\u011bjakou firmu a chcete, aby va\u0161e firma \u0161la vid\u011bt, tak p\u0159edpokl\u00e1d\u00e1m, \u017ee budete m\u00edt asi n\u011bjak\u00e9 reklamn\u00ed materi\u00e1ly, jako je nap\u0159\u00edklad reklamn\u00ed textil a podobn\u011b. Jako reklamn\u00ed textil to m\u016f\u017ee b\u00fdt reklamn\u00ed tri\u010dko nebo tak\u00e9 mikina. A jak mikina s kapuc\u00ed, tak samoz\u0159ejm\u011b i mikina bez kapuce, proto\u017ee tady tak\u00e9 jde o to, kde vy n\u011bjak\u00e9 to pracovn\u00ed anebo firemn\u00ed logo chcete m\u00edt? N\u011bkdo m\u00e1 logo pouze jenom na kapuci a n\u011bkdo jenom na z\u00e1dech mikiny, n\u011bkdo t\u0159eba jenom vep\u0159edu reklamn\u00edho textilu a podobn\u011b. Ale co se t\u00fdk\u00e1 je\u0161t\u011b reklamn\u00edho textilu, tak bych hlavn\u011b doporu\u010dovala, aby ten materi\u00e1l, aby ten textil byl opravdu hodn\u011b kvalitn\u00ed, aby to nebyla takov\u00e1 ta typick\u00e1 um\u011blotina, kter\u00e1 v\u0161ude elektrizuje.Podle m\u00e9ho n\u00e1zoru to je potom opravdu velice nep\u0159\u00edjemn\u00e9. Mysl\u00edm si, \u017ee je opravdu hodn\u011b lid\u00ed, kte\u0159\u00ed by klidn\u011b nosili n\u011bjak\u00e9 reklamn\u00ed materi\u00e1ly reklamn\u00ed. Oble\u010den\u00ed a podobn\u011b jako je reklamn\u00ed textil a tak d\u00e1le. Jenom\u017ee kdy\u017e potom \u010dlov\u011bk zjist\u00ed, \u017ee je to opravdu hodn\u011b nekvalitn\u00ed materi\u00e1l a \u017ee je mu to nep\u0159\u00edjemn\u00e9 na no\u0161en\u00ed a \u017ee ho potom sv\u011bd\u00ed k\u016f\u017ee, tak si mysl\u00edm, \u017ee tohle nosit asi nebude, ani kdyby se mu reklamn\u00ed materi\u00e1l a reklamn\u00ed textil l\u00edbil sebev\u00edc, kdy\u017e bude nep\u0159\u00edjemn\u00fd, nikdo to cht\u00edt nosit nebude. A j\u00e1 se pod tohle podepisuji. J\u00e1 jsem tak\u00e9 kdysi m\u011bla reklamn\u00ed tri\u010dko, proto\u017ee moje kamar\u00e1dka d\u011bl\u00e1 pedik\u00e9rku a nosila jsem jej\u00ed reklamn\u00ed a firemn\u00ed tri\u010dka. Mysl\u00edm si, \u017ee i kdy\u017e vy se postar\u00e1te o svou reklamu, o sv\u00e9 billboardy nebo let\u00e1\u010dky a tak\u00e9 reklamn\u00ed textil, tak samoz\u0159ejm\u011b \u017ee ud\u011bl\u00e1te dob\u0159e. A pokud si nejste jisti, co d\u00e1te na reklamn\u00ed textil, tak samoz\u0159ejm\u011b, \u017ee jsou firmy, kter\u00e9 se specializuj\u00ed na reklamn\u00ed marketing. Oni v\u00e1m porad\u00ed, co m\u00e1te m\u00edt ud\u011blan\u00e9 na reklamn\u00edm textilu a podobn\u011b. Tak\u00e9 v\u00e1m t\u0159eba ud\u011blaj\u00ed n\u011bjak\u00fd text nebo vzor a tak\u00e9 n\u011bjak\u00e9 logo, aby v\u00e1\u0161 reklamn\u00ed textil nebo va\u0161e reklamn\u00ed logo bylo opravdu perfektn\u00ed a nemuseli jste se za to styd\u011bt.                                                                                                                                                                                                                                                                                                                                                                                           4.1\/5 - (8 votes)        "},{"@context":"https:\/\/schema.org\/","@type":"BreadcrumbList","itemListElement":[{"@type":"ListItem","position":1,"name":"Skv\u011bl\u00fd materi\u00e1l","item":"https:\/\/www.felinka.cz\/skvely-material\/#breadcrumbitem"}]}]